{"id":98,"date":"2024-05-31T11:31:00","date_gmt":"2024-05-31T11:31:00","guid":{"rendered":"https:\/\/onehealthbrasil.com\/?p=98"},"modified":"2024-05-23T09:34:23","modified_gmt":"2024-05-23T09:34:23","slug":"sobre-a-historia-da-saude-publica-no-brasil-e-correto-afimar-que","status":"publish","type":"post","link":"https:\/\/onehealthbrasil.com\/?p=98","title":{"rendered":"Sobre a Hist\u00f3ria da Sa\u00fade P\u00fablica no Brasil \u00e9 Correto Afimar Que"},"content":{"rendered":"\n<p>Explorar a trajet\u00f3ria da Sa\u00fade P\u00fablica no Brasil \u00e9 adentrar em um caminho repleto de desafios, transforma\u00e7\u00f5es e conquistas. Desde os prim\u00f3rdios de sua hist\u00f3ria at\u00e9 os dias atuais, o pa\u00eds tem enfrentado in\u00fameras batalhas para garantir o bem-estar e a sa\u00fade de sua popula\u00e7\u00e3o. Mas quais foram os marcos dessa evolu\u00e7\u00e3o? E mais importante, que li\u00e7\u00f5es podemos aprender com o passado para enfrentar os desafios futuros da sa\u00fade p\u00fablica brasileira? Acompanhe-nos nesta jornada para descobrir.<\/p>\n\n\n\n<h2 class=\"wp-block-heading\">As Ra\u00edzes da Sa\u00fade P\u00fablica no Brasil<\/h2>\n\n\n\n<p>A hist\u00f3ria da sa\u00fade p\u00fablica no Brasil \u00e9 marcada por profundas transforma\u00e7\u00f5es, iniciando-se no per\u00edodo colonial e evoluindo at\u00e9 os dias atuais. No s\u00e9culo XIX, o pa\u00eds enfrentava graves problemas sanit\u00e1rios, com epidemias como a febre amarela, var\u00edola e peste bub\u00f4nica, que levaram ao in\u00edcio das primeiras pol\u00edticas de sa\u00fade p\u00fablica. Nesse contexto, destaca-se a figura do Sanitarista Oswaldo Cruz, que implementou campanhas de vacina\u00e7\u00e3o e medidas de saneamento b\u00e1sico, marcando o in\u00edcio da medicina preventiva no Brasil.<\/p>\n\n\n\n<p>Durante o s\u00e9culo XX, especialmente ap\u00f3s a cria\u00e7\u00e3o do Sistema \u00danico de Sa\u00fade (SUS) na Constitui\u00e7\u00e3o de 1988, a sa\u00fade p\u00fablica brasileira deu grandes saltos em dire\u00e7\u00e3o \u00e0 universaliza\u00e7\u00e3o do acesso \u00e0 sa\u00fade. O SUS, considerado um dos maiores sistemas de sa\u00fade p\u00fablica do mundo, baseia-se em princ\u00edpios de universalidade, integralidade e equidade, garantindo acesso gratuito \u00e0 sa\u00fade a toda a popula\u00e7\u00e3o brasileira. Com isso, foram desenvolvidas pol\u00edticas de combate a doen\u00e7as transmiss\u00edveis, programas de vacina\u00e7\u00e3o em massa e estrat\u00e9gias de promo\u00e7\u00e3o da sa\u00fade, contribuindo significativamente para a melhoria dos indicadores de sa\u00fade no pa\u00eds.<\/p>\n\n\n\n<p>Entretanto, apesar dos not\u00e1veis avan\u00e7os, a sa\u00fade p\u00fablica no Brasil ainda enfrenta desafios significativos, como desigualdades regionais, subfinanciamento e quest\u00f5es relacionadas \u00e0 gest\u00e3o. A resposta \u00e0 pandemia de COVID-19 evidenciou tanto a capacidade de mobiliza\u00e7\u00e3o do SUS quanto as fragilidades do sistema, ressaltando a necessidade de investimentos e reformas cont\u00ednuas na sa\u00fade p\u00fablica brasileira. Assim, a hist\u00f3ria da sa\u00fade p\u00fablica no pa\u00eds \u00e9 um testemunho da sua capacidade de supera\u00e7\u00e3o, mas tamb\u00e9m um lembrete das lutas que ainda est\u00e3o por vir.<\/p>\n\n\n\n<h2 class=\"wp-block-heading\">Origem das Pol\u00edticas de Sa\u00fade<\/h2>\n\n\n\n<p>A trajet\u00f3ria das pol\u00edticas de sa\u00fade no Brasil \u00e9 profundamente marcada pela evolu\u00e7\u00e3o das condi\u00e7\u00f5es sociais, econ\u00f4micas e pol\u00edticas que o pa\u00eds enfrentou ao longo dos s\u00e9culos. As primeiras iniciativas oficiais em sa\u00fade p\u00fablica podem ser tra\u00e7adas de volta ao per\u00edodo colonial, com a cria\u00e7\u00e3o de hospitais e santas casas de miseric\u00f3rdia que visavam principalmente \u00e0 assist\u00eancia dos colonos europeus e, em menor medida, dos escravizados africanos e da popula\u00e7\u00e3o ind\u00edgena. Por\u00e9m, foi realmente no s\u00e9culo XIX, com o surgimento de epidemias como a febre amarela e a var\u00edola, que o governo imperial brasileiro come\u00e7ou a implementar pol\u00edticas sanit\u00e1rias mais efetivas.<\/p>\n\n\n\n<p>Em 1808, a chegada da fam\u00edlia real portuguesa ao Brasil trouxe consigo mudan\u00e7as significativas para o cen\u00e1rio da sa\u00fade p\u00fablica, com a abertura dos primeiros cursos de medicina em Salvador e no Rio de Janeiro. Essa medida visava formar profissionais qualificados para lidar com os problemas de sa\u00fade da popula\u00e7\u00e3o. No entanto, foi apenas no in\u00edcio do s\u00e9culo XX, diante do processo de industrializa\u00e7\u00e3o e urbaniza\u00e7\u00e3o aceleradas, que o governo se viu obrigado a adotar medidas mais estruturadas de sa\u00fade p\u00fablica, com o objetivo de controlar as epidemias urbanas que afligiam a popula\u00e7\u00e3o trabalhadora e garantir a for\u00e7a de trabalho necess\u00e1ria ao desenvolvimento econ\u00f4mico.<\/p>\n\n\n\n<p>A cria\u00e7\u00e3o do Departamento Nacional de Sa\u00fade P\u00fablica, em 1920, marcou um ponto de virada na hist\u00f3ria das pol\u00edticas de sa\u00fade no Brasil, estabelecendo uma base para o desenvolvimento de a\u00e7\u00f5es governamentais direcionadas \u00e0 sa\u00fade. Contudo, foi somente com a Constitui\u00e7\u00e3o de 1988, j\u00e1 na Rep\u00fablica, que a sa\u00fade foi reconhecida como um direito de todos os brasileiros e um dever do Estado, pavimentando o caminho para o Sistema \u00danico de Sa\u00fade (SUS), que busca universalizar o acesso aos servi\u00e7os de sa\u00fade em todo o territ\u00f3rio nacional.<\/p>\n\n\n\n<h2 class=\"wp-block-heading\">A Era Vargas e a Sa\u00fade P\u00fablica<\/h2>\n\n\n\n<p>Durante o governo de Get\u00falio Vargas, que se estendeu de 1930 a 1945 e, posteriormente, de 1951 at\u00e9 seu suic\u00eddio em 1954, a sa\u00fade p\u00fablica foi fortemente influenciada por uma s\u00e9rie de pol\u00edticas integralistas. Estas pol\u00edticas focavam na centraliza\u00e7\u00e3o do poder e na necessidade de uma reforma sanit\u00e1ria que visava \u00e0 moderniza\u00e7\u00e3o do pa\u00eds. Sob a \u00f3tica da sa\u00fade, este per\u00edodo \u00e9 marcado pelo fortalecimento das institui\u00e7\u00f5es e pela implementa\u00e7\u00e3o de a\u00e7\u00f5es que tinham como objetivo combater as endemias rurais, melhorar as condi\u00e7\u00f5es sanit\u00e1rias das cidades e promover o bem-estar da popula\u00e7\u00e3o. Um dos principais marcos da era Vargas na sa\u00fade p\u00fablica foi a cria\u00e7\u00e3o do Departamento Nacional de Sa\u00fade P\u00fablica (DNSP) em 1930, que posteriormente daria origem ao Minist\u00e9rio da Sa\u00fade. Esta institui\u00e7\u00e3o tinha como finalidade reorganizar os servi\u00e7os sanit\u00e1rios do pa\u00eds, estabelecer diretrizes para o combate e a preven\u00e7\u00e3o de doen\u00e7as e promover campanhas de saneamento b\u00e1sico. A industrializa\u00e7\u00e3o acelerada, impulsionada pelo governo Vargas, trouxe consigo desafios para a sa\u00fade p\u00fablica, como o aumento das doen\u00e7as ocupacionais e a necessidade de pol\u00edticas de sa\u00fade voltadas para os trabalhadores. Al\u00e9m disso, Vargas estabeleceu leis trabalhistas que inclu\u00edam direitos \u00e0 sa\u00fade e seguran\u00e7a do trabalho, marcando a primeira vez que a sa\u00fade p\u00fablica adentrou o campo das pol\u00edticas de trabalho no Brasil. Este per\u00edodo tamb\u00e9m foi caracterizado por uma intensifica\u00e7\u00e3o das campanhas de vacina\u00e7\u00e3o e pela estrutura\u00e7\u00e3o de um sistema nacional de sa\u00fade que buscava a integra\u00e7\u00e3o entre diferentes regi\u00f5es do pa\u00eds, enfrentando assim os desafios impostos pela vastid\u00e3o territorial e desigualdades regionais na sa\u00fade.<\/p>\n\n\n\n<figure class=\"wp-block-table\"><table><tbody><tr><th>Ano<\/th><th>Evento Importante na Sa\u00fade P\u00fablica<\/th><\/tr><tr><td>1930<\/td><td>Cria\u00e7\u00e3o do Departamento Nacional de Sa\u00fade P\u00fablica.<\/td><\/tr><tr><td>1932<\/td><td>In\u00edcio das campanhas de erradica\u00e7\u00e3o da febre amarela.<\/td><\/tr><tr><td>1940<\/td><td>Implementa\u00e7\u00e3o das primeiras leis trabalhistas que inclu\u00edam direitos \u00e0 sa\u00fade.<\/td><\/tr><\/tbody><\/table><\/figure>\n\n\n\n<p>Este olhar retrospectivo sobre a era Vargas nos revela como as pol\u00edticas implementadas durante seu governo foram fundamentais para moldar o sistema de sa\u00fade p\u00fablica no Brasil, marcando o in\u00edcio de um processo de reformas que se estenderia ao longo do s\u00e9culo XX.<\/p>\n\n\n\n<h2 class=\"wp-block-heading\">SUS: Cria\u00e7\u00e3o e Implementa\u00e7\u00e3o<\/h2>\n\n\n\n<p>A cria\u00e7\u00e3o do Sistema \u00danico de Sa\u00fade (SUS) no Brasil \u00e9 um marco hist\u00f3rico na reforma sanit\u00e1ria do pa\u00eds. Inaugurado oficialmente pela Constitui\u00e7\u00e3o Federal de 1988, o SUS emergiu de uma intensa luta dos movimentos sociais e do setor sa\u00fade, que defendiam a sa\u00fade como um direito de todos e dever do estado. O processo de implementa\u00e7\u00e3o do SUS come\u00e7ou no final da d\u00e9cada de 1980 e in\u00edcio dos anos 1990, sendo um per\u00edodo repleto de desafios. O principal objetivo era superar o modelo sanitarista vigente, baseado na l\u00f3gica do atendimento individual e curativo, para um sistema que promovesse a sa\u00fade de forma integral e universal. Nessa perspectiva, o SUS se baseia em princ\u00edpios fundamentais como universalidade, integralidade, equidade, descentraliza\u00e7\u00e3o e participa\u00e7\u00e3o social. Com a institui\u00e7\u00e3o do SUS, houve significativas mudan\u00e7as na estrutura organizacional da sa\u00fade no Brasil. A descentraliza\u00e7\u00e3o das a\u00e7\u00f5es e servi\u00e7os de sa\u00fade para os estados e munic\u00edpios foi uma das medidas adotadas, permitindo que as pol\u00edticas de sa\u00fade se adequassem melhor \u00e0s realidades locais. A participa\u00e7\u00e3o da comunidade, por meio de conselhos e confer\u00eancias de sa\u00fade, passou a ser incentivada, garantindo \u00e0 popula\u00e7\u00e3o um papel ativo na formula\u00e7\u00e3o e fiscaliza\u00e7\u00e3o das pol\u00edticas de sa\u00fade. Embora o SUS tenha enfrentado e continue enfrentando uma s\u00e9rie de desafios, como subfinanciamento, processos de trabalho em sa\u00fade prec\u00e1rios e desigualdades no acesso aos servi\u00e7os de sa\u00fade, ele representa um avan\u00e7o sem precedentes na garantia dos direitos de sa\u00fade no Brasil. O SUS \u00e9 hoje uma pol\u00edtica p\u00fablica essencial, que busca atender \u00e0s necessidades de sa\u00fade da popula\u00e7\u00e3o brasileira de forma universal, integral e equitativa.<\/p>\n","protected":false},"excerpt":{"rendered":"<p>Explorar a trajet\u00f3ria da Sa\u00fade P\u00fablica no Brasil \u00e9 adentrar em um caminho repleto de desafios, transforma\u00e7\u00f5es e conquistas. Desde os prim\u00f3rdios de sua hist\u00f3ria at\u00e9 os dias atuais, o pa\u00eds tem enfrentado in\u00fameras batalhas para garantir o bem-estar e a sa\u00fade de sua popula\u00e7\u00e3o. Mas quais foram os marcos dessa evolu\u00e7\u00e3o? E mais importante, [&hellip;]<\/p>\n","protected":false},"author":1,"featured_media":99,"comment_status":"open","ping_status":"open","sticky":false,"template":"","format":"standard","meta":{"footnotes":""},"categories":[5],"tags":[],"class_list":["post-98","post","type-post","status-publish","format-standard","has-post-thumbnail","hentry","category-blog"],"yoast_head":"<!-- This site is optimized with the Yoast SEO plugin v27.5 - https:\/\/yoast.com\/product\/yoast-seo-wordpress\/ -->\n<title>Hist\u00f3ria da Sa\u00fade P\u00fablica no Brasil: An\u00e1lise Detalhada<\/title>\n<meta name=\"description\" content=\"Mergulhe na evolu\u00e7\u00e3o da sa\u00fade p\u00fablica brasileira, desde suas origens at\u00e9 os desafios modernos. Uma vis\u00e3o completa que esclarece aspectos chaves e avan\u00e7os significativos.\" \/>\n<meta name=\"robots\" content=\"index, follow, max-snippet:-1, max-image-preview:large, max-video-preview:-1\" \/>\n<link rel=\"canonical\" href=\"https:\/\/onehealthbrasil.com\/?p=98\" \/>\n<meta property=\"og:locale\" content=\"en_US\" \/>\n<meta property=\"og:type\" content=\"article\" \/>\n<meta property=\"og:title\" content=\"Hist\u00f3ria da Sa\u00fade P\u00fablica no Brasil: An\u00e1lise Detalhada\" \/>\n<meta property=\"og:description\" content=\"Mergulhe na evolu\u00e7\u00e3o da sa\u00fade p\u00fablica brasileira, desde suas origens at\u00e9 os desafios modernos. Uma vis\u00e3o completa que esclarece aspectos chaves e avan\u00e7os significativos.\" \/>\n<meta property=\"og:url\" content=\"https:\/\/onehealthbrasil.com\/?p=98\" \/>\n<meta property=\"og:site_name\" content=\"One Health Brasil\" \/>\n<meta property=\"article:published_time\" content=\"2024-05-31T11:31:00+00:00\" \/>\n<meta property=\"og:image\" content=\"https:\/\/onehealthbrasil.com\/wp-content\/uploads\/2024\/05\/4.jpg\" \/>\n\t<meta property=\"og:image:width\" content=\"1200\" \/>\n\t<meta property=\"og:image:height\" content=\"800\" \/>\n\t<meta property=\"og:image:type\" content=\"image\/jpeg\" \/>\n<meta name=\"author\" content=\"8bprr\" \/>\n<meta name=\"twitter:card\" content=\"summary_large_image\" \/>\n<meta name=\"twitter:label1\" content=\"Written by\" \/>\n\t<meta name=\"twitter:data1\" content=\"8bprr\" \/>\n\t<meta name=\"twitter:label2\" content=\"Est. reading time\" \/>\n\t<meta name=\"twitter:data2\" content=\"6 minutes\" \/>\n<script type=\"application\/ld+json\" class=\"yoast-schema-graph\">{\"@context\":\"https:\\\/\\\/schema.org\",\"@graph\":[{\"@type\":\"Article\",\"@id\":\"https:\\\/\\\/onehealthbrasil.com\\\/?p=98#article\",\"isPartOf\":{\"@id\":\"https:\\\/\\\/onehealthbrasil.com\\\/?p=98\"},\"author\":{\"name\":\"8bprr\",\"@id\":\"https:\\\/\\\/onehealthbrasil.com\\\/#\\\/schema\\\/person\\\/e9d1b321aeae6fd55e8a1828dd6006e6\"},\"headline\":\"Sobre a Hist\u00f3ria da Sa\u00fade P\u00fablica no Brasil \u00e9 Correto Afimar Que\",\"datePublished\":\"2024-05-31T11:31:00+00:00\",\"mainEntityOfPage\":{\"@id\":\"https:\\\/\\\/onehealthbrasil.com\\\/?p=98\"},\"wordCount\":1478,\"commentCount\":0,\"image\":{\"@id\":\"https:\\\/\\\/onehealthbrasil.com\\\/?p=98#primaryimage\"},\"thumbnailUrl\":\"https:\\\/\\\/onehealthbrasil.com\\\/wp-content\\\/uploads\\\/2024\\\/05\\\/4.jpg\",\"articleSection\":[\"BLOG\"],\"inLanguage\":\"en-US\",\"potentialAction\":[{\"@type\":\"CommentAction\",\"name\":\"Comment\",\"target\":[\"https:\\\/\\\/onehealthbrasil.com\\\/?p=98#respond\"]}]},{\"@type\":\"WebPage\",\"@id\":\"https:\\\/\\\/onehealthbrasil.com\\\/?p=98\",\"url\":\"https:\\\/\\\/onehealthbrasil.com\\\/?p=98\",\"name\":\"Hist\u00f3ria da Sa\u00fade P\u00fablica no Brasil: An\u00e1lise Detalhada\",\"isPartOf\":{\"@id\":\"https:\\\/\\\/onehealthbrasil.com\\\/#website\"},\"primaryImageOfPage\":{\"@id\":\"https:\\\/\\\/onehealthbrasil.com\\\/?p=98#primaryimage\"},\"image\":{\"@id\":\"https:\\\/\\\/onehealthbrasil.com\\\/?p=98#primaryimage\"},\"thumbnailUrl\":\"https:\\\/\\\/onehealthbrasil.com\\\/wp-content\\\/uploads\\\/2024\\\/05\\\/4.jpg\",\"datePublished\":\"2024-05-31T11:31:00+00:00\",\"author\":{\"@id\":\"https:\\\/\\\/onehealthbrasil.com\\\/#\\\/schema\\\/person\\\/e9d1b321aeae6fd55e8a1828dd6006e6\"},\"description\":\"Mergulhe na evolu\u00e7\u00e3o da sa\u00fade p\u00fablica brasileira, desde suas origens at\u00e9 os desafios modernos. Uma vis\u00e3o completa que esclarece aspectos chaves e avan\u00e7os significativos.\",\"breadcrumb\":{\"@id\":\"https:\\\/\\\/onehealthbrasil.com\\\/?p=98#breadcrumb\"},\"inLanguage\":\"en-US\",\"potentialAction\":[{\"@type\":\"ReadAction\",\"target\":[\"https:\\\/\\\/onehealthbrasil.com\\\/?p=98\"]}]},{\"@type\":\"ImageObject\",\"inLanguage\":\"en-US\",\"@id\":\"https:\\\/\\\/onehealthbrasil.com\\\/?p=98#primaryimage\",\"url\":\"https:\\\/\\\/onehealthbrasil.com\\\/wp-content\\\/uploads\\\/2024\\\/05\\\/4.jpg\",\"contentUrl\":\"https:\\\/\\\/onehealthbrasil.com\\\/wp-content\\\/uploads\\\/2024\\\/05\\\/4.jpg\",\"width\":1200,\"height\":800},{\"@type\":\"BreadcrumbList\",\"@id\":\"https:\\\/\\\/onehealthbrasil.com\\\/?p=98#breadcrumb\",\"itemListElement\":[{\"@type\":\"ListItem\",\"position\":1,\"name\":\"Home\",\"item\":\"https:\\\/\\\/onehealthbrasil.com\\\/\"},{\"@type\":\"ListItem\",\"position\":2,\"name\":\"Sobre a Hist\u00f3ria da Sa\u00fade P\u00fablica no Brasil \u00e9 Correto Afimar Que\"}]},{\"@type\":\"WebSite\",\"@id\":\"https:\\\/\\\/onehealthbrasil.com\\\/#website\",\"url\":\"https:\\\/\\\/onehealthbrasil.com\\\/\",\"name\":\"One Health Brasil\",\"description\":\"Integrando Sa\u00fade Humana, Animal e Ambiental para um Futuro Sustent\u00e1vel\",\"potentialAction\":[{\"@type\":\"SearchAction\",\"target\":{\"@type\":\"EntryPoint\",\"urlTemplate\":\"https:\\\/\\\/onehealthbrasil.com\\\/?s={search_term_string}\"},\"query-input\":{\"@type\":\"PropertyValueSpecification\",\"valueRequired\":true,\"valueName\":\"search_term_string\"}}],\"inLanguage\":\"en-US\"},{\"@type\":\"Person\",\"@id\":\"https:\\\/\\\/onehealthbrasil.com\\\/#\\\/schema\\\/person\\\/e9d1b321aeae6fd55e8a1828dd6006e6\",\"name\":\"8bprr\",\"image\":{\"@type\":\"ImageObject\",\"inLanguage\":\"en-US\",\"@id\":\"https:\\\/\\\/secure.gravatar.com\\\/avatar\\\/4a22018ea9735f9e6c85da057746d2fe830fa2293a9f4faa6ad9b620e56e3fad?s=96&d=mm&r=g\",\"url\":\"https:\\\/\\\/secure.gravatar.com\\\/avatar\\\/4a22018ea9735f9e6c85da057746d2fe830fa2293a9f4faa6ad9b620e56e3fad?s=96&d=mm&r=g\",\"contentUrl\":\"https:\\\/\\\/secure.gravatar.com\\\/avatar\\\/4a22018ea9735f9e6c85da057746d2fe830fa2293a9f4faa6ad9b620e56e3fad?s=96&d=mm&r=g\",\"caption\":\"8bprr\"},\"sameAs\":[\"https:\\\/\\\/onehealthbrasil.com\"],\"url\":\"https:\\\/\\\/onehealthbrasil.com\\\/?author=1\"}]}<\/script>\n<!-- \/ Yoast SEO plugin. -->","yoast_head_json":{"title":"Hist\u00f3ria da Sa\u00fade P\u00fablica no Brasil: An\u00e1lise Detalhada","description":"Mergulhe na evolu\u00e7\u00e3o da sa\u00fade p\u00fablica brasileira, desde suas origens at\u00e9 os desafios modernos. Uma vis\u00e3o completa que esclarece aspectos chaves e avan\u00e7os significativos.","robots":{"index":"index","follow":"follow","max-snippet":"max-snippet:-1","max-image-preview":"max-image-preview:large","max-video-preview":"max-video-preview:-1"},"canonical":"https:\/\/onehealthbrasil.com\/?p=98","og_locale":"en_US","og_type":"article","og_title":"Hist\u00f3ria da Sa\u00fade P\u00fablica no Brasil: An\u00e1lise Detalhada","og_description":"Mergulhe na evolu\u00e7\u00e3o da sa\u00fade p\u00fablica brasileira, desde suas origens at\u00e9 os desafios modernos. Uma vis\u00e3o completa que esclarece aspectos chaves e avan\u00e7os significativos.","og_url":"https:\/\/onehealthbrasil.com\/?p=98","og_site_name":"One Health Brasil","article_published_time":"2024-05-31T11:31:00+00:00","og_image":[{"width":1200,"height":800,"url":"https:\/\/onehealthbrasil.com\/wp-content\/uploads\/2024\/05\/4.jpg","type":"image\/jpeg"}],"author":"8bprr","twitter_card":"summary_large_image","twitter_misc":{"Written by":"8bprr","Est. reading time":"6 minutes"},"schema":{"@context":"https:\/\/schema.org","@graph":[{"@type":"Article","@id":"https:\/\/onehealthbrasil.com\/?p=98#article","isPartOf":{"@id":"https:\/\/onehealthbrasil.com\/?p=98"},"author":{"name":"8bprr","@id":"https:\/\/onehealthbrasil.com\/#\/schema\/person\/e9d1b321aeae6fd55e8a1828dd6006e6"},"headline":"Sobre a Hist\u00f3ria da Sa\u00fade P\u00fablica no Brasil \u00e9 Correto Afimar Que","datePublished":"2024-05-31T11:31:00+00:00","mainEntityOfPage":{"@id":"https:\/\/onehealthbrasil.com\/?p=98"},"wordCount":1478,"commentCount":0,"image":{"@id":"https:\/\/onehealthbrasil.com\/?p=98#primaryimage"},"thumbnailUrl":"https:\/\/onehealthbrasil.com\/wp-content\/uploads\/2024\/05\/4.jpg","articleSection":["BLOG"],"inLanguage":"en-US","potentialAction":[{"@type":"CommentAction","name":"Comment","target":["https:\/\/onehealthbrasil.com\/?p=98#respond"]}]},{"@type":"WebPage","@id":"https:\/\/onehealthbrasil.com\/?p=98","url":"https:\/\/onehealthbrasil.com\/?p=98","name":"Hist\u00f3ria da Sa\u00fade P\u00fablica no Brasil: An\u00e1lise Detalhada","isPartOf":{"@id":"https:\/\/onehealthbrasil.com\/#website"},"primaryImageOfPage":{"@id":"https:\/\/onehealthbrasil.com\/?p=98#primaryimage"},"image":{"@id":"https:\/\/onehealthbrasil.com\/?p=98#primaryimage"},"thumbnailUrl":"https:\/\/onehealthbrasil.com\/wp-content\/uploads\/2024\/05\/4.jpg","datePublished":"2024-05-31T11:31:00+00:00","author":{"@id":"https:\/\/onehealthbrasil.com\/#\/schema\/person\/e9d1b321aeae6fd55e8a1828dd6006e6"},"description":"Mergulhe na evolu\u00e7\u00e3o da sa\u00fade p\u00fablica brasileira, desde suas origens at\u00e9 os desafios modernos. Uma vis\u00e3o completa que esclarece aspectos chaves e avan\u00e7os significativos.","breadcrumb":{"@id":"https:\/\/onehealthbrasil.com\/?p=98#breadcrumb"},"inLanguage":"en-US","potentialAction":[{"@type":"ReadAction","target":["https:\/\/onehealthbrasil.com\/?p=98"]}]},{"@type":"ImageObject","inLanguage":"en-US","@id":"https:\/\/onehealthbrasil.com\/?p=98#primaryimage","url":"https:\/\/onehealthbrasil.com\/wp-content\/uploads\/2024\/05\/4.jpg","contentUrl":"https:\/\/onehealthbrasil.com\/wp-content\/uploads\/2024\/05\/4.jpg","width":1200,"height":800},{"@type":"BreadcrumbList","@id":"https:\/\/onehealthbrasil.com\/?p=98#breadcrumb","itemListElement":[{"@type":"ListItem","position":1,"name":"Home","item":"https:\/\/onehealthbrasil.com\/"},{"@type":"ListItem","position":2,"name":"Sobre a Hist\u00f3ria da Sa\u00fade P\u00fablica no Brasil \u00e9 Correto Afimar Que"}]},{"@type":"WebSite","@id":"https:\/\/onehealthbrasil.com\/#website","url":"https:\/\/onehealthbrasil.com\/","name":"One Health Brasil","description":"Integrando Sa\u00fade Humana, Animal e Ambiental para um Futuro Sustent\u00e1vel","potentialAction":[{"@type":"SearchAction","target":{"@type":"EntryPoint","urlTemplate":"https:\/\/onehealthbrasil.com\/?s={search_term_string}"},"query-input":{"@type":"PropertyValueSpecification","valueRequired":true,"valueName":"search_term_string"}}],"inLanguage":"en-US"},{"@type":"Person","@id":"https:\/\/onehealthbrasil.com\/#\/schema\/person\/e9d1b321aeae6fd55e8a1828dd6006e6","name":"8bprr","image":{"@type":"ImageObject","inLanguage":"en-US","@id":"https:\/\/secure.gravatar.com\/avatar\/4a22018ea9735f9e6c85da057746d2fe830fa2293a9f4faa6ad9b620e56e3fad?s=96&d=mm&r=g","url":"https:\/\/secure.gravatar.com\/avatar\/4a22018ea9735f9e6c85da057746d2fe830fa2293a9f4faa6ad9b620e56e3fad?s=96&d=mm&r=g","contentUrl":"https:\/\/secure.gravatar.com\/avatar\/4a22018ea9735f9e6c85da057746d2fe830fa2293a9f4faa6ad9b620e56e3fad?s=96&d=mm&r=g","caption":"8bprr"},"sameAs":["https:\/\/onehealthbrasil.com"],"url":"https:\/\/onehealthbrasil.com\/?author=1"}]}},"_links":{"self":[{"href":"https:\/\/onehealthbrasil.com\/index.php?rest_route=\/wp\/v2\/posts\/98","targetHints":{"allow":["GET"]}}],"collection":[{"href":"https:\/\/onehealthbrasil.com\/index.php?rest_route=\/wp\/v2\/posts"}],"about":[{"href":"https:\/\/onehealthbrasil.com\/index.php?rest_route=\/wp\/v2\/types\/post"}],"author":[{"embeddable":true,"href":"https:\/\/onehealthbrasil.com\/index.php?rest_route=\/wp\/v2\/users\/1"}],"replies":[{"embeddable":true,"href":"https:\/\/onehealthbrasil.com\/index.php?rest_route=%2Fwp%2Fv2%2Fcomments&post=98"}],"version-history":[{"count":1,"href":"https:\/\/onehealthbrasil.com\/index.php?rest_route=\/wp\/v2\/posts\/98\/revisions"}],"predecessor-version":[{"id":100,"href":"https:\/\/onehealthbrasil.com\/index.php?rest_route=\/wp\/v2\/posts\/98\/revisions\/100"}],"wp:featuredmedia":[{"embeddable":true,"href":"https:\/\/onehealthbrasil.com\/index.php?rest_route=\/wp\/v2\/media\/99"}],"wp:attachment":[{"href":"https:\/\/onehealthbrasil.com\/index.php?rest_route=%2Fwp%2Fv2%2Fmedia&parent=98"}],"wp:term":[{"taxonomy":"category","embeddable":true,"href":"https:\/\/onehealthbrasil.com\/index.php?rest_route=%2Fwp%2Fv2%2Fcategories&post=98"},{"taxonomy":"post_tag","embeddable":true,"href":"https:\/\/onehealthbrasil.com\/index.php?rest_route=%2Fwp%2Fv2%2Ftags&post=98"}],"curies":[{"name":"wp","href":"https:\/\/api.w.org\/{rel}","templated":true}]}}